{"id":25634,"date":"2022-12-20T17:44:53","date_gmt":"2022-12-20T16:44:53","guid":{"rendered":"https:\/\/sonergia-preprod.biznetdev.com\/?p=25634"},"modified":"2025-01-30T16:25:36","modified_gmt":"2025-01-30T15:25:36","slug":"les-salaries-sengagent-a-loccasion-des-evenements-cles-de-lautomne","status":"publish","type":"post","link":"https:\/\/sonergia-preprod.biznetdev.com\/nous-decouvrir\/rse\/les-salaries-sengagent-a-loccasion-des-evenements-cles-de-lautomne\/","title":{"rendered":"Les salari\u00e9s s&#8217;engagent \u00e0 l&#8217;occasion des \u00e9v\u00e9nements cl\u00e9s de l&#8217;automne"},"content":{"rendered":"\n<p>Dans le cadre de la semaine de r\u00e9duction des d\u00e9chets #SEERD2022, et en\u00a0parall\u00e8le de la campagne de dons annuelle pour les Banques Alimentaires \u00e0 la fin novembre, Sonergia \u00e0 organis\u00e9 &#8211; et particip\u00e9 \u00e0 &#8211; plusieurs \u00e9v\u00e9nements pour engager ses salari\u00e9s dans la r\u00e9duction des d\u00e9chets et le r\u00e9emploi !<\/p>\n\n\n\n<div class=\"wp-block-spacer\" style=\"height: 41px\" aria-hidden=\"true\">\u00a0<\/div>\n\n\n<hr class=\"wp-block-separator has-alpha-channel-opacity\" \/>\n\n\n<div class=\"wp-block-spacer\" style=\"height: 40px\" aria-hidden=\"true\">\u00a0<\/div>\n\n\n\n<h2 class=\"wp-block-heading\">Deux \u00e9v\u00e9nements pour la semaine de r\u00e9duction des d\u00e9chets #SEERD2022<\/h2>\n\n\n\n<h3 class=\"wp-block-heading\">R\u00e8gle des 5R : N\u00b04 &#8211; Rendre \u00e0 la Terre<\/h3>\n\n\n\n<p>Depuis 2021, Sonergia propose le tri de d\u00e9chets organiques \u00e0 ses salari\u00e9s sur les 2 sites Marseillais. Ce sont<a href=\"https:\/\/alchimistes.co\/compostage-bouches-du-rhone\/\"> Les Alchimistes<\/a> qui collectent les biod\u00e9chets et les valorisent en compost. Les collectes se font hebdomadairement en v\u00e9lo gr\u00e2ce aux cycliques de <a href=\"https:\/\/www.toutenvelo.fr\/marseille\/\" target=\"_blank\" rel=\"noreferrer noopener\">Tout en V\u00e9lo.<\/a><\/p>\n\n\n\n<div class=\"wp-block-columns is-layout-flex wp-container-core-columns-is-layout-28f84493 wp-block-columns-is-layout-flex\">\n<div class=\"wp-block-column is-layout-flow wp-block-column-is-layout-flow\">\n<figure class=\"wp-block-image size-full\"><img decoding=\"async\" class=\"wp-image-25641\" src=\"https:\/\/sonergia-preprod.biznetdev.com\/wp-content\/uploads\/2022\/12\/1669135126574.jpg\" alt=\"\" \/><\/figure>\n<\/div>\n\n\n\n<div class=\"wp-block-column is-layout-flow wp-block-column-is-layout-flow\">\n<blockquote class=\"wp-block-quote is-layout-flow wp-block-quote-is-layout-flow\">\n<p>Depuis 2021, c&#8217;est plus de 800 kg de biod\u00e9chets qui ont \u00e9t\u00e9 r\u00e9colt\u00e9s chez Sonergia, qui ont permis la fabrication de 144Kilos de compost, et la cr\u00e9ation de nombreux m\u00e9tiers d&#8217;insertion locaux.<\/p>\n<cite>Les Alchimistes, 21\/11\/22<\/cite><\/blockquote>\n<\/div>\n<\/div>\n\n\n\n<p>Nous avons donc profit\u00e9 de cette occasion pour proposer \u00e0 nos salari\u00e9s un<strong> atelier-d\u00e9gustation organis\u00e9 par Les Alchimistes avec au programme :<\/strong><\/p>\n\n\n\n<ul class=\"wp-block-list\">\n<li>Processus de compostage : kesako ?<\/li>\n<li>Comment composter \u00e0 son \u00e9chelle ?<\/li>\n<li><a href=\"https:\/\/lepaysanurbain.fr\/marseille\/\" target=\"_blank\" rel=\"noreferrer noopener\"><strong>Pr\u00e9sentation du Paysan Urbain &#8211; et d\u00e9gustation \u00e0 l\u2019aveugle de leurs micro-pousses !<\/strong><\/a><\/li>\n<li>Distribution de compost aux salari\u00e9s<\/li>\n<\/ul>\n\n\n\n<div class=\"wp-block-buttons is-layout-flex wp-block-buttons-is-layout-flex\">\n<div class=\"wp-block-button aligncenter has-custom-font-size is-style-outline has-small-font-size is-style-outline--1\"><a class=\"wp-block-button__link has-white-color has-vivid-cyan-blue-background-color has-text-color has-background\" style=\"border-radius: 37px\" target=\"_blank\" rel=\"noreferrer noopener\">Retrouvez l&#8217;article sur Linkedin<\/a><\/div>\n<\/div>\n\n\n\n<div class=\"wp-block-spacer\" style=\"height: 49px\" aria-hidden=\"true\">\u00a0<\/div>\n\n\n\n<div class=\"wp-block-group has-white-color has-cyan-bluish-gray-background-color has-text-color has-background is-layout-flow wp-block-group-is-layout-flow\">\n<p><strong>R\u00e8gle des R5 : N\u00b05 Trier ses d\u00e9chets<\/strong><\/p>\n\n\n\n<p>&nbsp;<\/p>\n\n\n\n<div class=\"wp-block-cover is-light\" style=\"min-height: 270px;aspect-ratio:unset;\"><img decoding=\"async\" class=\"wp-block-cover__image-background wp-image-25661\" src=\"https:\/\/sonergia-preprod.biznetdev.com\/wp-content\/uploads\/2022\/12\/lemontri-corbeilles-grand-bleu.jpg\" alt=\"\" data-object-fit=\"cover\" \/>\n<div class=\"wp-block-cover__inner-container is-layout-flow wp-block-cover-is-layout-flow\">\n<p class=\"has-text-align-center has-white-color has-text-color has-medium-font-size\"><strong>Sonergia continue son partenariat avec <a href=\"https:\/\/lemontri.fr\/\" target=\"_blank\" rel=\"noreferrer noopener\">Lemon Tri <\/a><\/strong><br \/><strong>pour le tri des d\u00e9chets sur ses 3 sites !<\/strong><\/p>\n\n\n\n<p class=\"has-text-align-center has-white-color has-text-color has-medium-font-size\"><strong>1,6 Tonnes en 2021 &#8211; 2,1 Tonnes en 2022<\/strong><\/p>\n\n\n\n<p class=\"has-text-align-center has-white-color has-text-color has-small-font-size\"><strong><br \/><\/strong><a href=\"https:\/\/sonergia-preprod.biznetdev.com\/notre-identite\/sonergia-engagee-impact\/impact-planete\/#section-3\"><em>Retrouvez les chiffres cl\u00e9s du tri mis \u00e0 jour chaque ann\u00e9e sur la page d\u00e9di\u00e9e.<\/em><\/a><\/p>\n<\/div>\n<\/div>\n<\/div>\n\n\n<hr class=\"wp-block-separator has-alpha-channel-opacity\" \/>\n\n\n<h3 class=\"wp-block-heading\">R\u00e8gle des R5 : N\u00b03 R\u00e9utiliser<\/h3>\n\n\n\n<p>Nous avons profit\u00e9 de l&#8217;op\u00e9ration #REFIL organis\u00e9e par l&#8217;association <a href=\"https:\/\/www.capaunord.fr\/\">Cap Au Nord Entreprendre<\/a> pour organiser une collecte de jeans dans les locaux Marseillais.<\/p>\n\n\n\n<div class=\"wp-block-columns is-layout-flex wp-container-core-columns-is-layout-28f84493 wp-block-columns-is-layout-flex\">\n<div class=\"wp-block-column is-layout-flow wp-block-column-is-layout-flow\">\n<p><strong>Objectif : donner une 2nde vie aux jeans usag\u00e9s qui dorment dans vos placards tout en favorisant l\u2019insertion \u00e0 l\u2019emploi, le d\u00e9veloppement de comp\u00e9tences d\u2019avenir en lien avec l\u2019upcycling et la relocalisation de la fili\u00e8re textile.<\/strong><\/p>\n\n\n\n<figure class=\"wp-block-image size-full\"><img decoding=\"async\" class=\"wp-image-25646\" src=\"https:\/\/sonergia-preprod.biznetdev.com\/wp-content\/uploads\/2022\/12\/REFIL-collecte.jpg\" alt=\"\" \/><\/figure>\n<\/div>\n\n\n\n<div class=\"wp-block-column is-layout-flow wp-block-column-is-layout-flow\">\n<p>CAP AU NORD ENTREPRENDRE coordonne l\u2019op\u00e9ration et mobilise les acteurs du territoire.<br \/>LE LYC\u00c9E LA FLORIDE organise la gestion de la logistique avec ses \u00e9l\u00e8ves en BTS.<br \/>13 ATIPIK r\u00e9cup\u00e8re la mati\u00e8re et la transforme par le biais de chantiers d\u2019insertions.<\/p>\n\n\n\n<figure class=\"wp-block-pullquote\" style=\"font-size: 11px\">\n<blockquote>\n<p><em>R\u00e9sultats : Sonergia fait partie des<\/em><strong>\u00a015 participants<\/strong><em>\u00a0\u00e0 cette collecte, nous avons engag\u00e9 nos voisins de Bollor\u00e9 au Grand Bleu avec nous\u00a0pour\u00a0<\/em><strong>plus de 250 kg de jeans r\u00e9colt\u00e9s sur le territoire !<\/strong><\/p>\n<\/blockquote>\n<\/figure>\n<\/div>\n<\/div>\n\n\n\n<div class=\"wp-block-buttons is-layout-flex wp-block-buttons-is-layout-flex\">\n<div class=\"wp-block-button aligncenter has-custom-font-size is-style-fill has-small-font-size\"><a class=\"wp-block-button__link has-white-color has-cyan-bluish-gray-background-color has-text-color has-background\" href=\"https:\/\/www.capaunord.fr\/retour-sur-refil-la-collecte-de-jeans-26369\/\" target=\"_blank\" rel=\"noreferrer noopener\">Retour sur l&#8217;op\u00e9ration #REFIL<\/a><\/div>\n<\/div>\n\n\n<hr class=\"wp-block-separator has-alpha-channel-opacity\" \/>\n\n\n<div class=\"wp-block-spacer\" style=\"height: 45px\" aria-hidden=\"true\">\u00a0<\/div>\n\n\n\n<h2 class=\"wp-block-heading\">La grande collecte annuelle<\/h2>\n\n\n\n<div class=\"wp-block-columns is-layout-flex wp-container-core-columns-is-layout-28f84493 wp-block-columns-is-layout-flex\">\n<div class=\"wp-block-column is-layout-flow wp-block-column-is-layout-flow\" style=\"flex-basis: 33.33%\">\n<p>Gr\u00e2ce \u00e0 tous les Sonergiens, de nombreux cartons de\u00a0v\u00eatements et chaussures, des\u00a0produits alimentaires, des\u00a0jouets et des\u00a0produits d&#8217;hygi\u00e8ne et d&#8217;entretien ont pu \u00eatre r\u00e9colt\u00e9s sur les 3 sites.<\/p>\n\n\n\n<p>&nbsp;<\/p>\n<\/div>\n\n\n\n<div class=\"wp-block-column is-layout-flow wp-block-column-is-layout-flow\" style=\"flex-basis: 66.66%\">\n<figure class=\"wp-block-image size-full\"><img decoding=\"async\" class=\"wp-image-25652\" src=\"https:\/\/sonergia-preprod.biznetdev.com\/wp-content\/uploads\/2022\/12\/merci-croix-rouge.jpg\" alt=\"\" \/><\/figure>\n<\/div>\n<\/div>\n\n\n\n<div class=\"wp-block-columns is-layout-flex wp-container-core-columns-is-layout-28f84493 wp-block-columns-is-layout-flex\">\n<div class=\"wp-block-column is-layout-flow wp-block-column-is-layout-flow\" style=\"flex-basis: 33.33%\">\n<figure class=\"wp-block-image size-large is-resized\"><img loading=\"lazy\" decoding=\"async\" class=\"wp-image-25653\" src=\"https:\/\/sonergia-preprod.biznetdev.com\/wp-content\/uploads\/2022\/12\/IMG_5257-1024x683.jpg\" alt=\"\" width=\"270\" height=\"180\" \/><\/figure>\n<\/div>\n\n\n\n<div class=\"wp-block-column is-layout-flow wp-block-column-is-layout-flow\" style=\"flex-basis: 66.66%\">\n<p>A Marseille, les dons sont directement distribu\u00e9s aux familles suivies par <a href=\"https:\/\/aixmarseilleprovence.croix-rouge.fr\/\" target=\"_blank\" rel=\"noreferrer noopener\">la Croix-Rouge.<\/a>\u00a0Dans les unit\u00e9s locales, les v\u00eatements sont stock\u00e9s pour les personnes dans le besoin qui peuvent s&#8217;inscrire pour recevoir des v\u00eatements adapt\u00e9s \u00e0 leurs besoins.<\/p>\n<\/div>\n<\/div>\n\n\n\n<div class=\"wp-block-columns is-layout-flex wp-container-core-columns-is-layout-28f84493 wp-block-columns-is-layout-flex\">\n<div class=\"wp-block-column is-layout-flow wp-block-column-is-layout-flow\" style=\"flex-basis: 33.33%\">\n<p>A Paris, les dons de produits d&#8217;hygi\u00e8ne ont \u00e9t\u00e9 distribu\u00e9 \u00e0 l&#8217;association\u00a0<a href=\"https:\/\/www.helloasso.com\/associations\/accueil-solidarite-saint-augustin\" target=\"_blank\" rel=\"noreferrer noopener\"><em><strong>Accueil Solidarit\u00e9 Saint Augustin<\/strong><\/em><\/a>\u00a0pour les Banques Alimentaires.<\/p>\n\n\n\n<p>Les v\u00eatements seront r\u00e9colt\u00e9s par l&#8217;association\u00a0<em><strong><a href=\"https:\/\/www.emmaus-alternatives.org\/\" target=\"_blank\" rel=\"noreferrer noopener\">Emmaus Alternatives\u00a0<\/a><\/strong><\/em>qui met des bacs de r\u00e9colte de v\u00eatements \u00e0 disposition toute l&#8217;ann\u00e9e ! Le bac sera install\u00e9 \u00e0 la rentr\u00e9e dans les bureaux Rue Pierre Semard.<\/p>\n<\/div>\n\n\n\n<div class=\"wp-block-column is-layout-flow wp-block-column-is-layout-flow\" style=\"flex-basis: 66.66%\">\n<figure class=\"wp-block-image size-large\"><img decoding=\"async\" class=\"wp-image-25677\" src=\"https:\/\/sonergia-preprod.biznetdev.com\/wp-content\/uploads\/2022\/12\/2212_Emmanue-alternatives-1024x768.jpg\" alt=\"\" \/><\/figure>\n<\/div>\n<\/div>\n","protected":false},"excerpt":{"rendered":"<p>Dans le cadre de la semaine de r\u00e9duction des d\u00e9chets #SEERD2022, et en\u00a0parall\u00e8le de la campagne de dons annuelle pour les Banques Alimentaires \u00e0 la fin novembre, Sonergia \u00e0 organis\u00e9 &#8211; et particip\u00e9 \u00e0 &#8211; plusieurs \u00e9v\u00e9nements pour engager ses salari\u00e9s dans la r\u00e9duction des d\u00e9chets et le r\u00e9emploi !<\/p>\n","protected":false},"author":3,"featured_media":35627,"comment_status":"closed","ping_status":"closed","sticky":false,"template":"","format":"standard","meta":{"_acf_changed":false,"footnotes":""},"categories":[7,10],"tags":[],"class_list":["post-25634","post","type-post","status-publish","format-standard","has-post-thumbnail","hentry","category-rse","category-societe-a-mission"],"acf":[],"yoast_head":"<!-- This site is optimized with the Yoast SEO Premium plugin v24.6 (Yoast SEO v25.0) - https:\/\/yoast.com\/wordpress\/plugins\/seo\/ -->\n<title>Les salari\u00e9\u00b7e\u00b7s de Sonergia s&#039;engagent !<\/title>\n<meta name=\"description\" content=\"Une s\u00e9rie d&#039;\u00e9v\u00e9nements ont \u00e9t\u00e9 organis\u00e9s par Sonergia pour la semaine de r\u00e9duction des d\u00e9chets, et la campagne de dons annuelle des Banques Alimentaires.\" \/>\n<meta name=\"robots\" content=\"index, follow, max-snippet:-1, max-image-preview:large, max-video-preview:-1\" \/>\n<link rel=\"canonical\" href=\"https:\/\/sonergia-preprod.biznetdev.com\/nous-decouvrir\/rse\/les-salaries-sengagent-a-loccasion-des-evenements-cles-de-lautomne\/\" \/>\n<meta property=\"og:locale\" content=\"fr_FR\" \/>\n<meta property=\"og:type\" content=\"article\" \/>\n<meta property=\"og:title\" content=\"Les salari\u00e9s s&#039;engagent \u00e0 l&#039;occasion des \u00e9v\u00e9nements cl\u00e9s de l&#039;automne\" \/>\n<meta property=\"og:description\" content=\"Une s\u00e9rie d&#039;\u00e9v\u00e9nements ont \u00e9t\u00e9 organis\u00e9s par Sonergia pour la semaine de r\u00e9duction des d\u00e9chets, et la campagne de dons annuelle des Banques Alimentaires.\" \/>\n<meta property=\"og:url\" content=\"https:\/\/sonergia-preprod.biznetdev.com\/nous-decouvrir\/rse\/les-salaries-sengagent-a-loccasion-des-evenements-cles-de-lautomne\/\" \/>\n<meta property=\"og:site_name\" content=\"Nous d\u00e9couvrir\" \/>\n<meta property=\"article:published_time\" content=\"2022-12-20T16:44:53+00:00\" \/>\n<meta property=\"article:modified_time\" content=\"2025-01-30T15:25:36+00:00\" \/>\n<meta property=\"og:image\" content=\"https:\/\/sonergia-preprod.biznetdev.com\/nous-decouvrir\/wp-content\/uploads\/sites\/3\/2022\/06\/Qualite-de-vie-au-travail-scaled.jpeg\" \/>\n\t<meta property=\"og:image:width\" content=\"2560\" \/>\n\t<meta property=\"og:image:height\" content=\"1474\" \/>\n\t<meta property=\"og:image:type\" content=\"image\/jpeg\" \/>\n<meta name=\"author\" content=\"Equipe communication\" \/>\n<meta name=\"twitter:card\" content=\"summary_large_image\" \/>\n<meta name=\"twitter:label1\" content=\"\u00c9crit par\" \/>\n\t<meta name=\"twitter:data1\" content=\"Equipe communication\" \/>\n\t<meta name=\"twitter:label2\" content=\"Dur\u00e9e de lecture estim\u00e9e\" \/>\n\t<meta name=\"twitter:data2\" content=\"4 minutes\" \/>\n<script type=\"application\/ld+json\" class=\"yoast-schema-graph\">{\"@context\":\"https:\/\/schema.org\",\"@graph\":[{\"@type\":\"Article\",\"@id\":\"https:\/\/sonergia-preprod.biznetdev.com\/nous-decouvrir\/rse\/les-salaries-sengagent-a-loccasion-des-evenements-cles-de-lautomne\/#article\",\"isPartOf\":{\"@id\":\"https:\/\/sonergia-preprod.biznetdev.com\/nous-decouvrir\/rse\/les-salaries-sengagent-a-loccasion-des-evenements-cles-de-lautomne\/\"},\"author\":{\"name\":\"Equipe communication\",\"@id\":\"https:\/\/sonergia-preprod.biznetdev.com\/nous-decouvrir\/#\/schema\/person\/29799e7b75a5b9302f6b7f82f902c755\"},\"headline\":\"Les salari\u00e9s s&#8217;engagent \u00e0 l&#8217;occasion des \u00e9v\u00e9nements cl\u00e9s de l&#8217;automne\",\"datePublished\":\"2022-12-20T16:44:53+00:00\",\"dateModified\":\"2025-01-30T15:25:36+00:00\",\"mainEntityOfPage\":{\"@id\":\"https:\/\/sonergia-preprod.biznetdev.com\/nous-decouvrir\/rse\/les-salaries-sengagent-a-loccasion-des-evenements-cles-de-lautomne\/\"},\"wordCount\":592,\"publisher\":{\"@id\":\"https:\/\/sonergia-preprod.biznetdev.com\/nous-decouvrir\/#organization\"},\"image\":{\"@id\":\"https:\/\/sonergia-preprod.biznetdev.com\/nous-decouvrir\/rse\/les-salaries-sengagent-a-loccasion-des-evenements-cles-de-lautomne\/#primaryimage\"},\"thumbnailUrl\":\"https:\/\/sonergia-preprod.biznetdev.com\/nous-decouvrir\/wp-content\/uploads\/sites\/3\/2022\/06\/Qualite-de-vie-au-travail-scaled.jpeg\",\"articleSection\":[\"RSE\",\"Soci\u00e9t\u00e9 \u00e0 mission\"],\"inLanguage\":\"fr-FR\"},{\"@type\":\"WebPage\",\"@id\":\"https:\/\/sonergia-preprod.biznetdev.com\/nous-decouvrir\/rse\/les-salaries-sengagent-a-loccasion-des-evenements-cles-de-lautomne\/\",\"url\":\"https:\/\/sonergia-preprod.biznetdev.com\/nous-decouvrir\/rse\/les-salaries-sengagent-a-loccasion-des-evenements-cles-de-lautomne\/\",\"name\":\"Les salari\u00e9\u00b7e\u00b7s de Sonergia s'engagent !\",\"isPartOf\":{\"@id\":\"https:\/\/sonergia-preprod.biznetdev.com\/nous-decouvrir\/#website\"},\"primaryImageOfPage\":{\"@id\":\"https:\/\/sonergia-preprod.biznetdev.com\/nous-decouvrir\/rse\/les-salaries-sengagent-a-loccasion-des-evenements-cles-de-lautomne\/#primaryimage\"},\"image\":{\"@id\":\"https:\/\/sonergia-preprod.biznetdev.com\/nous-decouvrir\/rse\/les-salaries-sengagent-a-loccasion-des-evenements-cles-de-lautomne\/#primaryimage\"},\"thumbnailUrl\":\"https:\/\/sonergia-preprod.biznetdev.com\/nous-decouvrir\/wp-content\/uploads\/sites\/3\/2022\/06\/Qualite-de-vie-au-travail-scaled.jpeg\",\"datePublished\":\"2022-12-20T16:44:53+00:00\",\"dateModified\":\"2025-01-30T15:25:36+00:00\",\"description\":\"Une s\u00e9rie d'\u00e9v\u00e9nements ont \u00e9t\u00e9 organis\u00e9s par Sonergia pour la semaine de r\u00e9duction des d\u00e9chets, et la campagne de dons annuelle des Banques Alimentaires.\",\"breadcrumb\":{\"@id\":\"https:\/\/sonergia-preprod.biznetdev.com\/nous-decouvrir\/rse\/les-salaries-sengagent-a-loccasion-des-evenements-cles-de-lautomne\/#breadcrumb\"},\"inLanguage\":\"fr-FR\",\"potentialAction\":[{\"@type\":\"ReadAction\",\"target\":[\"https:\/\/sonergia-preprod.biznetdev.com\/nous-decouvrir\/rse\/les-salaries-sengagent-a-loccasion-des-evenements-cles-de-lautomne\/\"]}]},{\"@type\":\"ImageObject\",\"inLanguage\":\"fr-FR\",\"@id\":\"https:\/\/sonergia-preprod.biznetdev.com\/nous-decouvrir\/rse\/les-salaries-sengagent-a-loccasion-des-evenements-cles-de-lautomne\/#primaryimage\",\"url\":\"https:\/\/sonergia-preprod.biznetdev.com\/nous-decouvrir\/wp-content\/uploads\/sites\/3\/2022\/06\/Qualite-de-vie-au-travail-scaled.jpeg\",\"contentUrl\":\"https:\/\/sonergia-preprod.biznetdev.com\/nous-decouvrir\/wp-content\/uploads\/sites\/3\/2022\/06\/Qualite-de-vie-au-travail-scaled.jpeg\",\"width\":2560,\"height\":1474,\"caption\":\"Qualit\u00e9 de vie au travail\"},{\"@type\":\"BreadcrumbList\",\"@id\":\"https:\/\/sonergia-preprod.biznetdev.com\/nous-decouvrir\/rse\/les-salaries-sengagent-a-loccasion-des-evenements-cles-de-lautomne\/#breadcrumb\",\"itemListElement\":[{\"@type\":\"ListItem\",\"position\":1,\"name\":\"Accueil\",\"item\":\"https:\/\/sonergia-preprod.biznetdev.com\/nous-decouvrir\/\"},{\"@type\":\"ListItem\",\"position\":2,\"name\":\"Les salari\u00e9s s&rsquo;engagent \u00e0 l&rsquo;occasion des \u00e9v\u00e9nements cl\u00e9s de l&rsquo;automne\"}]},{\"@type\":\"WebSite\",\"@id\":\"https:\/\/sonergia-preprod.biznetdev.com\/nous-decouvrir\/#website\",\"url\":\"https:\/\/sonergia-preprod.biznetdev.com\/nous-decouvrir\/\",\"name\":\"Sonergia\",\"description\":\"\",\"publisher\":{\"@id\":\"https:\/\/sonergia-preprod.biznetdev.com\/nous-decouvrir\/#organization\"},\"potentialAction\":[{\"@type\":\"SearchAction\",\"target\":{\"@type\":\"EntryPoint\",\"urlTemplate\":\"https:\/\/sonergia-preprod.biznetdev.com\/nous-decouvrir\/?s={search_term_string}\"},\"query-input\":{\"@type\":\"PropertyValueSpecification\",\"valueRequired\":true,\"valueName\":\"search_term_string\"}}],\"inLanguage\":\"fr-FR\"},{\"@type\":\"Organization\",\"@id\":\"https:\/\/sonergia-preprod.biznetdev.com\/nous-decouvrir\/#organization\",\"name\":\"Sonergia\",\"url\":\"https:\/\/sonergia-preprod.biznetdev.com\/nous-decouvrir\/\",\"logo\":{\"@type\":\"ImageObject\",\"inLanguage\":\"fr-FR\",\"@id\":\"https:\/\/sonergia-preprod.biznetdev.com\/nous-decouvrir\/#\/schema\/logo\/image\/\",\"url\":\"https:\/\/sonergia-preprod.biznetdev.com\/nous-decouvrir\/wp-content\/uploads\/sites\/3\/2025\/01\/logo-sonergia.png\",\"contentUrl\":\"https:\/\/sonergia-preprod.biznetdev.com\/nous-decouvrir\/wp-content\/uploads\/sites\/3\/2025\/01\/logo-sonergia.png\",\"width\":242,\"height\":57,\"caption\":\"Sonergia\"},\"image\":{\"@id\":\"https:\/\/sonergia-preprod.biznetdev.com\/nous-decouvrir\/#\/schema\/logo\/image\/\"}},{\"@type\":\"Person\",\"@id\":\"https:\/\/sonergia-preprod.biznetdev.com\/nous-decouvrir\/#\/schema\/person\/29799e7b75a5b9302f6b7f82f902c755\",\"name\":\"Equipe communication\",\"image\":{\"@type\":\"ImageObject\",\"inLanguage\":\"fr-FR\",\"@id\":\"https:\/\/sonergia-preprod.biznetdev.com\/nous-decouvrir\/#\/schema\/person\/image\/\",\"url\":\"https:\/\/sonergia.fr\/nous-decouvrir\/wp-content\/uploads\/sites\/3\/2025\/01\/Groupe-942.svg\",\"contentUrl\":\"https:\/\/sonergia.fr\/nous-decouvrir\/wp-content\/uploads\/sites\/3\/2025\/01\/Groupe-942.svg\",\"caption\":\"Equipe communication\"},\"description\":\"L'\u00e9quipe communication d\u00e9crypte pour vous l'\u00e9volution des dispositifs CEE et MaPrimeR\u00e9nov', et vous informe des actualit\u00e9s majeures dans le domaine de l'environnement et du b\u00e2timent. Elle vous donne un aper\u00e7u des temps forts de la vie d'entreprise chez Sonergia.\",\"url\":\"https:\/\/sonergia-preprod.biznetdev.com\/nous-decouvrir\/author\/communication\/\"}]}<\/script>\n<!-- \/ Yoast SEO Premium plugin. -->","yoast_head_json":{"title":"Les salari\u00e9\u00b7e\u00b7s de Sonergia s'engagent !","description":"Une s\u00e9rie d'\u00e9v\u00e9nements ont \u00e9t\u00e9 organis\u00e9s par Sonergia pour la semaine de r\u00e9duction des d\u00e9chets, et la campagne de dons annuelle des Banques Alimentaires.","robots":{"index":"index","follow":"follow","max-snippet":"max-snippet:-1","max-image-preview":"max-image-preview:large","max-video-preview":"max-video-preview:-1"},"canonical":"https:\/\/sonergia-preprod.biznetdev.com\/nous-decouvrir\/rse\/les-salaries-sengagent-a-loccasion-des-evenements-cles-de-lautomne\/","og_locale":"fr_FR","og_type":"article","og_title":"Les salari\u00e9s s'engagent \u00e0 l'occasion des \u00e9v\u00e9nements cl\u00e9s de l'automne","og_description":"Une s\u00e9rie d'\u00e9v\u00e9nements ont \u00e9t\u00e9 organis\u00e9s par Sonergia pour la semaine de r\u00e9duction des d\u00e9chets, et la campagne de dons annuelle des Banques Alimentaires.","og_url":"https:\/\/sonergia-preprod.biznetdev.com\/nous-decouvrir\/rse\/les-salaries-sengagent-a-loccasion-des-evenements-cles-de-lautomne\/","og_site_name":"Nous d\u00e9couvrir","article_published_time":"2022-12-20T16:44:53+00:00","article_modified_time":"2025-01-30T15:25:36+00:00","og_image":[{"width":2560,"height":1474,"url":"https:\/\/sonergia-preprod.biznetdev.com\/nous-decouvrir\/wp-content\/uploads\/sites\/3\/2022\/06\/Qualite-de-vie-au-travail-scaled.jpeg","type":"image\/jpeg"}],"author":"Equipe communication","twitter_card":"summary_large_image","twitter_misc":{"\u00c9crit par":"Equipe communication","Dur\u00e9e de lecture estim\u00e9e":"4 minutes"},"schema":{"@context":"https:\/\/schema.org","@graph":[{"@type":"Article","@id":"https:\/\/sonergia-preprod.biznetdev.com\/nous-decouvrir\/rse\/les-salaries-sengagent-a-loccasion-des-evenements-cles-de-lautomne\/#article","isPartOf":{"@id":"https:\/\/sonergia-preprod.biznetdev.com\/nous-decouvrir\/rse\/les-salaries-sengagent-a-loccasion-des-evenements-cles-de-lautomne\/"},"author":{"name":"Equipe communication","@id":"https:\/\/sonergia-preprod.biznetdev.com\/nous-decouvrir\/#\/schema\/person\/29799e7b75a5b9302f6b7f82f902c755"},"headline":"Les salari\u00e9s s&#8217;engagent \u00e0 l&#8217;occasion des \u00e9v\u00e9nements cl\u00e9s de l&#8217;automne","datePublished":"2022-12-20T16:44:53+00:00","dateModified":"2025-01-30T15:25:36+00:00","mainEntityOfPage":{"@id":"https:\/\/sonergia-preprod.biznetdev.com\/nous-decouvrir\/rse\/les-salaries-sengagent-a-loccasion-des-evenements-cles-de-lautomne\/"},"wordCount":592,"publisher":{"@id":"https:\/\/sonergia-preprod.biznetdev.com\/nous-decouvrir\/#organization"},"image":{"@id":"https:\/\/sonergia-preprod.biznetdev.com\/nous-decouvrir\/rse\/les-salaries-sengagent-a-loccasion-des-evenements-cles-de-lautomne\/#primaryimage"},"thumbnailUrl":"https:\/\/sonergia-preprod.biznetdev.com\/nous-decouvrir\/wp-content\/uploads\/sites\/3\/2022\/06\/Qualite-de-vie-au-travail-scaled.jpeg","articleSection":["RSE","Soci\u00e9t\u00e9 \u00e0 mission"],"inLanguage":"fr-FR"},{"@type":"WebPage","@id":"https:\/\/sonergia-preprod.biznetdev.com\/nous-decouvrir\/rse\/les-salaries-sengagent-a-loccasion-des-evenements-cles-de-lautomne\/","url":"https:\/\/sonergia-preprod.biznetdev.com\/nous-decouvrir\/rse\/les-salaries-sengagent-a-loccasion-des-evenements-cles-de-lautomne\/","name":"Les salari\u00e9\u00b7e\u00b7s de Sonergia s'engagent !","isPartOf":{"@id":"https:\/\/sonergia-preprod.biznetdev.com\/nous-decouvrir\/#website"},"primaryImageOfPage":{"@id":"https:\/\/sonergia-preprod.biznetdev.com\/nous-decouvrir\/rse\/les-salaries-sengagent-a-loccasion-des-evenements-cles-de-lautomne\/#primaryimage"},"image":{"@id":"https:\/\/sonergia-preprod.biznetdev.com\/nous-decouvrir\/rse\/les-salaries-sengagent-a-loccasion-des-evenements-cles-de-lautomne\/#primaryimage"},"thumbnailUrl":"https:\/\/sonergia-preprod.biznetdev.com\/nous-decouvrir\/wp-content\/uploads\/sites\/3\/2022\/06\/Qualite-de-vie-au-travail-scaled.jpeg","datePublished":"2022-12-20T16:44:53+00:00","dateModified":"2025-01-30T15:25:36+00:00","description":"Une s\u00e9rie d'\u00e9v\u00e9nements ont \u00e9t\u00e9 organis\u00e9s par Sonergia pour la semaine de r\u00e9duction des d\u00e9chets, et la campagne de dons annuelle des Banques Alimentaires.","breadcrumb":{"@id":"https:\/\/sonergia-preprod.biznetdev.com\/nous-decouvrir\/rse\/les-salaries-sengagent-a-loccasion-des-evenements-cles-de-lautomne\/#breadcrumb"},"inLanguage":"fr-FR","potentialAction":[{"@type":"ReadAction","target":["https:\/\/sonergia-preprod.biznetdev.com\/nous-decouvrir\/rse\/les-salaries-sengagent-a-loccasion-des-evenements-cles-de-lautomne\/"]}]},{"@type":"ImageObject","inLanguage":"fr-FR","@id":"https:\/\/sonergia-preprod.biznetdev.com\/nous-decouvrir\/rse\/les-salaries-sengagent-a-loccasion-des-evenements-cles-de-lautomne\/#primaryimage","url":"https:\/\/sonergia-preprod.biznetdev.com\/nous-decouvrir\/wp-content\/uploads\/sites\/3\/2022\/06\/Qualite-de-vie-au-travail-scaled.jpeg","contentUrl":"https:\/\/sonergia-preprod.biznetdev.com\/nous-decouvrir\/wp-content\/uploads\/sites\/3\/2022\/06\/Qualite-de-vie-au-travail-scaled.jpeg","width":2560,"height":1474,"caption":"Qualit\u00e9 de vie au travail"},{"@type":"BreadcrumbList","@id":"https:\/\/sonergia-preprod.biznetdev.com\/nous-decouvrir\/rse\/les-salaries-sengagent-a-loccasion-des-evenements-cles-de-lautomne\/#breadcrumb","itemListElement":[{"@type":"ListItem","position":1,"name":"Accueil","item":"https:\/\/sonergia-preprod.biznetdev.com\/nous-decouvrir\/"},{"@type":"ListItem","position":2,"name":"Les salari\u00e9s s&rsquo;engagent \u00e0 l&rsquo;occasion des \u00e9v\u00e9nements cl\u00e9s de l&rsquo;automne"}]},{"@type":"WebSite","@id":"https:\/\/sonergia-preprod.biznetdev.com\/nous-decouvrir\/#website","url":"https:\/\/sonergia-preprod.biznetdev.com\/nous-decouvrir\/","name":"Sonergia","description":"","publisher":{"@id":"https:\/\/sonergia-preprod.biznetdev.com\/nous-decouvrir\/#organization"},"potentialAction":[{"@type":"SearchAction","target":{"@type":"EntryPoint","urlTemplate":"https:\/\/sonergia-preprod.biznetdev.com\/nous-decouvrir\/?s={search_term_string}"},"query-input":{"@type":"PropertyValueSpecification","valueRequired":true,"valueName":"search_term_string"}}],"inLanguage":"fr-FR"},{"@type":"Organization","@id":"https:\/\/sonergia-preprod.biznetdev.com\/nous-decouvrir\/#organization","name":"Sonergia","url":"https:\/\/sonergia-preprod.biznetdev.com\/nous-decouvrir\/","logo":{"@type":"ImageObject","inLanguage":"fr-FR","@id":"https:\/\/sonergia-preprod.biznetdev.com\/nous-decouvrir\/#\/schema\/logo\/image\/","url":"https:\/\/sonergia-preprod.biznetdev.com\/nous-decouvrir\/wp-content\/uploads\/sites\/3\/2025\/01\/logo-sonergia.png","contentUrl":"https:\/\/sonergia-preprod.biznetdev.com\/nous-decouvrir\/wp-content\/uploads\/sites\/3\/2025\/01\/logo-sonergia.png","width":242,"height":57,"caption":"Sonergia"},"image":{"@id":"https:\/\/sonergia-preprod.biznetdev.com\/nous-decouvrir\/#\/schema\/logo\/image\/"}},{"@type":"Person","@id":"https:\/\/sonergia-preprod.biznetdev.com\/nous-decouvrir\/#\/schema\/person\/29799e7b75a5b9302f6b7f82f902c755","name":"Equipe communication","image":{"@type":"ImageObject","inLanguage":"fr-FR","@id":"https:\/\/sonergia-preprod.biznetdev.com\/nous-decouvrir\/#\/schema\/person\/image\/","url":"https:\/\/sonergia.fr\/nous-decouvrir\/wp-content\/uploads\/sites\/3\/2025\/01\/Groupe-942.svg","contentUrl":"https:\/\/sonergia.fr\/nous-decouvrir\/wp-content\/uploads\/sites\/3\/2025\/01\/Groupe-942.svg","caption":"Equipe communication"},"description":"L'\u00e9quipe communication d\u00e9crypte pour vous l'\u00e9volution des dispositifs CEE et MaPrimeR\u00e9nov', et vous informe des actualit\u00e9s majeures dans le domaine de l'environnement et du b\u00e2timent. Elle vous donne un aper\u00e7u des temps forts de la vie d'entreprise chez Sonergia.","url":"https:\/\/sonergia-preprod.biznetdev.com\/nous-decouvrir\/author\/communication\/"}]}},"_links":{"self":[{"href":"https:\/\/sonergia-preprod.biznetdev.com\/nous-decouvrir\/wp-json\/wp\/v2\/posts\/25634","targetHints":{"allow":["GET"]}}],"collection":[{"href":"https:\/\/sonergia-preprod.biznetdev.com\/nous-decouvrir\/wp-json\/wp\/v2\/posts"}],"about":[{"href":"https:\/\/sonergia-preprod.biznetdev.com\/nous-decouvrir\/wp-json\/wp\/v2\/types\/post"}],"author":[{"embeddable":true,"href":"https:\/\/sonergia-preprod.biznetdev.com\/nous-decouvrir\/wp-json\/wp\/v2\/users\/3"}],"replies":[{"embeddable":true,"href":"https:\/\/sonergia-preprod.biznetdev.com\/nous-decouvrir\/wp-json\/wp\/v2\/comments?post=25634"}],"version-history":[{"count":2,"href":"https:\/\/sonergia-preprod.biznetdev.com\/nous-decouvrir\/wp-json\/wp\/v2\/posts\/25634\/revisions"}],"predecessor-version":[{"id":35646,"href":"https:\/\/sonergia-preprod.biznetdev.com\/nous-decouvrir\/wp-json\/wp\/v2\/posts\/25634\/revisions\/35646"}],"wp:featuredmedia":[{"embeddable":true,"href":"https:\/\/sonergia-preprod.biznetdev.com\/nous-decouvrir\/wp-json\/wp\/v2\/media\/35627"}],"wp:attachment":[{"href":"https:\/\/sonergia-preprod.biznetdev.com\/nous-decouvrir\/wp-json\/wp\/v2\/media?parent=25634"}],"wp:term":[{"taxonomy":"category","embeddable":true,"href":"https:\/\/sonergia-preprod.biznetdev.com\/nous-decouvrir\/wp-json\/wp\/v2\/categories?post=25634"},{"taxonomy":"post_tag","embeddable":true,"href":"https:\/\/sonergia-preprod.biznetdev.com\/nous-decouvrir\/wp-json\/wp\/v2\/tags?post=25634"}],"curies":[{"name":"wp","href":"https:\/\/api.w.org\/{rel}","templated":true}]}}