{"id":27554,"date":"2023-09-26T09:48:24","date_gmt":"2023-09-26T07:48:24","guid":{"rendered":"https:\/\/sonergia-preprod.biznetdev.com\/?p=27554"},"modified":"2025-03-04T09:39:59","modified_gmt":"2025-03-04T08:39:59","slug":"les-meubles-touristiques-energivores-bientot-concernes-par-les-interdictions-de-location","status":"publish","type":"post","link":"https:\/\/sonergia-preprod.biznetdev.com\/nous-decouvrir\/actualite-reglementaire\/les-meubles-touristiques-energivores-bientot-concernes-par-les-interdictions-de-location\/","title":{"rendered":"Les meubl\u00e9s touristiques \u00e9nergivores bient\u00f4t concern\u00e9s par les interdictions de location\u202f?"},"content":{"rendered":"\n<div class=\"wp-block-spacer\" style=\"height: 57px\" aria-hidden=\"true\">\u00a0<\/div>\n\n\n\n<p class=\"has-text-color has-medium-font-size\" style=\"color:#f4a008\"><strong>On vous explique tout :<\/strong><\/p>\n\n\n\n<p>Pour rappel, le <strong>calendrier des interdictions de locations<\/strong> est le suivant\u202f :&nbsp;&nbsp;<\/p>\n\n\n\n<ul class=\"wp-block-list\">\n<li>2025 pour les logements dont le DPE est G,&nbsp;&nbsp;<\/li>\n\n\n\n<li>A partir de 2028 pour les logements F,&nbsp;&nbsp;<\/li>\n\n\n\n<li>En 2034 pour les logements E.&nbsp;&nbsp;<\/li>\n<\/ul>\n\n\n\n<p>Face \u00e0 ce calendrier serr\u00e9, les propri\u00e9taires bailleurs des logements dits \u00ab\u202fpassoires thermiques\u202f\u00bb sont donc contraints d\u2019engager sans tarder des travaux de r\u00e9novation \u00e9nerg\u00e9tique s\u2019ils souhaitent continuer de proposer leur bien \u00e0 la location. Face \u00e0 ce qui peut appara\u00eetre comme une contrainte, les propri\u00e9taires bailleurs ont aussi l\u2019option de vendre ou de proposer leur bien \u00e0 la location saisonni\u00e8re, cette derni\u00e8re \u00e9chappant \u00e0 l\u2019obligation d\u2019entreprendre des travaux. En secteur touristique, cette option peut par ailleurs s\u2019av\u00e9rer financi\u00e8rement avantageuse et tenter de nombreux propri\u00e9taires.<strong> Le risque\u202f? Une d\u00e9stabilisation du march\u00e9 locatif d\u00e9j\u00e0 tr\u00e8s fragilis\u00e9, notamment dans les grandes m\u00e9tropoles<\/strong>.&nbsp;&nbsp;<\/p>\n\n\n\n<p>Pour y rem\u00e9dier, le Gouvernement propose, dans son plan visant \u00e0 \u00ab\u202fLutter contre l\u2019attrition des logements permanents en zone touristique\u202f\u00bb <strong>d\u2019assujettir les meubl\u00e9s touristiques dits \u00ab\u202fpassoires thermiques\u202f\u00bb aux m\u00eames r\u00e8gles d\u2019interdictions que les locations \u00ab\u202ftraditionnelles\u202f\u00bb, et selon le m\u00eame calendrier<\/strong>. Ainsi, seraient interdits \u00e0 la location saisonni\u00e8re les logements class\u00e9s G d\u00e8s 2025, F \u00e0 partir de 2028 et E en 2034, sauf si leurs propri\u00e9taires op\u00e8rent les travaux de r\u00e9novation n\u00e9cessaires et permettent donc \u00e0 leur logement de changer de classe \u00e9nerg\u00e9tique<sup>2<\/sup>.&nbsp;<\/p>\n\n\n\n<div class=\"wp-block-spacer\" style=\"height: 57px\" aria-hidden=\"true\">\u00a0<\/div>\n\n\n\n<p class=\"has-text-color has-medium-font-size\" style=\"color:#f4a008\"><strong>L&#8217;interdiction ne sera toutefois pas syst\u00e9matique&#8230;<\/strong><\/p>\n\n\n\n<p>L\u2019interdiction ne concernerait toutefois que les logements situ\u00e9s en zone touristique<sup>3<\/sup> et le Gouvernement souhaite laisser aux \u00e9lus locaux le choix d\u2019appliquer ou non cette nouvelle r\u00e9glementation aux logements de leurs territoires.&nbsp;&nbsp;<\/p>\n\n\n\n<div class=\"wp-block-spacer\" style=\"height: 57px\" aria-hidden=\"true\">\u00a0<\/div>\n\n\n\n<p class=\"has-text-color has-medium-font-size\" style=\"color:#f4a008\"><strong>Ce qu&#8217;en pense Sonergia<\/strong><\/p>\n\n\n\n<p>Obligation ou non, il est toujours pertinent de r\u00e9nover son logement, que ce soit dans une optique patrimoniale, de valeur verte ou encore de confort des locataires, m\u00eame s\u2019ils ne restent que quelques jours. De plus, le bouche \u00e0 oreille et les notations sont devenues la r\u00e8gle dans le cadre des locations saisonni\u00e8res, il ne faut donc pas n\u00e9gliger le confort thermique propos\u00e9. Sonergia peut d\u2019ailleurs vous aider \u00e0 am\u00e9liorer ce dernier et faire grimper votre notation\u202f!&nbsp;&nbsp;<\/p>\n\n\n\n<div class=\"wp-block-columns is-layout-flex wp-container-core-columns-is-layout-28f84493 wp-block-columns-is-layout-flex\">\n<div class=\"wp-block-column is-layout-flow wp-block-column-is-layout-flow\" style=\"flex-basis:66.66%\">\n<figure class=\"wp-block-image size-large is-resized\"><a href=\"https:\/\/mon-espace-concerto.sonergia.fr\/survey\/new\" target=\"_blank\" rel=\"noreferrer noopener\"><img decoding=\"async\" src=\"https:\/\/sonergia-preprod.biznetdev.com\/wp-content\/uploads\/2023\/09\/Concerto_mock-up_2-1024x684.png\" alt=\"\" class=\"wp-image-27556\" style=\"width:530px;height:354px\"\/><\/a><\/figure>\n<\/div>\n\n\n\n<div class=\"wp-block-column is-vertically-aligned-center is-layout-flow wp-block-column-is-layout-flow\" style=\"flex-basis:33.33%\">\n<p>Vous vous demandez si votre logement est concern\u00e9 par la r\u00e9forme\u202f? Gr\u00e2ce \u00e0 l\u2019outil <a href=\"https:\/\/mon-espace-concerto.sonergia.fr\/survey\/new\" target=\"_blank\" rel=\"noreferrer noopener\">Concerto<\/a> vous pouvez r\u00e9aliser le bilan \u00e9nerg\u00e9tique en ligne de votre logement, et si n\u00e9cessaire, identifier les bons sc\u00e9narios de travaux.&nbsp;&nbsp;<\/p>\n<\/div>\n<\/div>\n\n\n\n<p>Nous proposons des solutions pour financer vos travaux de r\u00e9novation \u00e9nerg\u00e9tique et faire basculer votre bien destin\u00e9 \u00e0 la location vers une \u00e9tiquette \u00e9nerg\u00e9tique sup\u00e9rieure, notamment via le dispositif des Certificats d\u2019\u00e9conomies d\u2019\u00e9nergie, mais aussi via l\u2019aide MaPrimeRenov\u2019. <strong>Jusqu\u2019\u00e0 90% du montant des travaux peut \u00eatre couvert\u202f! <\/strong>Nous accompagnons aussi les copropri\u00e9t\u00e9s et bailleurs dans cette d\u00e9marche gr\u00e2ce \u00e0 notre r\u00e9seau de partenaires Assistants \u00e0 Ma\u00eetrise d\u2019Ouvrage (AMO) de confiance\u202f!&nbsp;<\/p>\n\n\n\n<p>&nbsp;<\/p>\n\n\n\n<p>Vous pouvez simuler votre demande de prime en ligne pour engager des travaux de r\u00e9novation \u00e9nerg\u00e9tique et b\u00e9n\u00e9ficier d\u2019un accompagnement tout au long de votre parcours\u202f!&nbsp;&nbsp;<\/p>\n\n\n\n<div class=\"wp-block-spacer\" style=\"height: 57px\" aria-hidden=\"true\">\u00a0<\/div>\n\n\n\n<p><strong>D\u00e9couvrez plus en d\u00e9tail nos solutions :<\/strong><\/p>\n\n\n\n<div class=\"wp-block-columns is-layout-flex wp-container-core-columns-is-layout-28f84493 wp-block-columns-is-layout-flex\">\n<div class=\"wp-block-column is-layout-flow wp-block-column-is-layout-flow\">\n<div class=\"wp-block-buttons is-layout-flex wp-block-buttons-is-layout-flex\">\n<div class=\"wp-block-button has-custom-font-size has-medium-font-size\"><a class=\"wp-block-button__link has-black-color has-luminous-vivid-amber-background-color has-text-color has-background wp-element-button\" href=\"https:\/\/sonergia-preprod.biznetdev.com\/nos-offres\/\" target=\"_blank\" rel=\"noreferrer noopener\">D\u00e9couvrez nos offres<\/a><\/div>\n<\/div>\n<\/div>\n\n\n\n<div class=\"wp-block-column is-layout-flow wp-block-column-is-layout-flow\">\n<div class=\"wp-block-buttons is-layout-flex wp-block-buttons-is-layout-flex\">\n<div class=\"wp-block-button has-custom-font-size has-medium-font-size\"><a class=\"wp-block-button__link has-black-color has-luminous-vivid-amber-background-color has-text-color has-background wp-element-button\" href=\"https:\/\/simulateur.sonergia.fr\/\" target=\"_blank\" rel=\"noreferrer noopener\">Simulez votre demande de prime<\/a><\/div>\n<\/div>\n<\/div>\n<\/div>\n\n\n\n<figure class=\"wp-block-image size-large\"><img decoding=\"async\" src=\"https:\/\/sonergia-preprod.biznetdev.com\/wp-content\/uploads\/2023\/09\/tableau-DPE-directives-750x1024.jpg\" alt=\"\" class=\"wp-image-27565\"\/><\/figure>\n\n\n\n<div class=\"wp-block-spacer\" style=\"height: 18px\" aria-hidden=\"true\">\u00a0<\/div>\n\n\n\n<p class=\"has-small-font-size\"><sup>1<\/sup> En r\u00e9ponse \u00e0 une question parlementaire, le minist\u00e8re du Logement avait dans un premier temps consid\u00e9r\u00e9 que contrairement aux locations dites traditionnelles, les meubl\u00e9s de tourisme en classe \u00e9nerg\u00e9tique F &amp; G \u00e9chapperaient aux interdictions de location<\/p>\n\n\n\n<p class=\"has-small-font-size\"><sup>2<\/sup> &nbsp;Ces propositions seront prochainement valid\u00e9es par un texte l\u00e9gislatif<\/p>\n\n\n\n<p class=\"has-small-font-size\"><sup>3<\/sup> Selon l\u2019INSEE, il s\u2019agit \u00ab&nbsp;<em>d\u2019une zone touristique est une aire g\u00e9ographique attractive pour le d\u00e9veloppement du tourisme, reconnue pour la richesse de son environnement et de son patrimoine.<\/em>&nbsp;\u00bb<\/p>\n\n\n\n<p>&nbsp;<\/p>\n","protected":false},"excerpt":{"rendered":"<p>Contrairement aux locations dites traditionnelles, les meubl\u00e9s de tourisme en Diagnostic de Performance Energ\u00e9tique (DPE) de classe F &#038; G \u00e9chappent pour le moment aux interdictions de location programm\u00e9es pour les ann\u00e9es \u00e0 venir1. Cependant, dans un plan d\u00e9voil\u00e9 cet \u00e9t\u00e9, le Gouvernement semble revenir sur sa d\u00e9cision afin d\u2019am\u00e9liorer le confort thermique des logements quel que soit leur dur\u00e9e d\u2019occupation.<\/p>\n","protected":false},"author":8,"featured_media":34166,"comment_status":"closed","ping_status":"closed","sticky":false,"template":"","format":"standard","meta":{"_acf_changed":false,"footnotes":""},"categories":[25],"tags":[],"class_list":["post-27554","post","type-post","status-publish","format-standard","has-post-thumbnail","hentry","category-actualite-reglementaire"],"acf":[],"yoast_head":"<!-- This site is optimized with the Yoast SEO Premium plugin v24.6 (Yoast SEO v25.0) - https:\/\/yoast.com\/wordpress\/plugins\/seo\/ -->\n<title>Les meubl\u00e9s touristiques \u00e9nergivores bient\u00f4t interdits de location ?<\/title>\n<meta name=\"robots\" content=\"index, follow, max-snippet:-1, max-image-preview:large, max-video-preview:-1\" \/>\n<link rel=\"canonical\" href=\"https:\/\/sonergia-preprod.biznetdev.com\/nous-decouvrir\/actualite-reglementaire\/les-meubles-touristiques-energivores-bientot-concernes-par-les-interdictions-de-location\/\" \/>\n<meta property=\"og:locale\" content=\"fr_FR\" \/>\n<meta property=\"og:type\" content=\"article\" \/>\n<meta property=\"og:title\" content=\"Les meubl\u00e9s touristiques \u00e9nergivores bient\u00f4t concern\u00e9s par les interdictions de location\u202f?\" \/>\n<meta property=\"og:description\" content=\"Contrairement aux locations dites traditionnelles, les meubl\u00e9s de tourisme en Diagnostic de Performance Energ\u00e9tique (DPE) de classe F &amp; G \u00e9chappent pour le moment aux interdictions de location programm\u00e9es pour les ann\u00e9es \u00e0 venir1. Cependant, dans un plan d\u00e9voil\u00e9 cet \u00e9t\u00e9, le Gouvernement semble revenir sur sa d\u00e9cision afin d\u2019am\u00e9liorer le confort thermique des logements quel que soit leur dur\u00e9e d\u2019occupation.\" \/>\n<meta property=\"og:url\" content=\"https:\/\/sonergia-preprod.biznetdev.com\/nous-decouvrir\/actualite-reglementaire\/les-meubles-touristiques-energivores-bientot-concernes-par-les-interdictions-de-location\/\" \/>\n<meta property=\"og:site_name\" content=\"Nous d\u00e9couvrir\" \/>\n<meta property=\"article:published_time\" content=\"2023-09-26T07:48:24+00:00\" \/>\n<meta property=\"article:modified_time\" content=\"2025-03-04T08:39:59+00:00\" \/>\n<meta property=\"og:image\" content=\"https:\/\/sonergia-preprod.biznetdev.com\/nous-decouvrir\/wp-content\/uploads\/sites\/3\/2022\/04\/logements-meubles-tourisme.jpg\" \/>\n\t<meta property=\"og:image:width\" content=\"626\" \/>\n\t<meta property=\"og:image:height\" content=\"418\" \/>\n\t<meta property=\"og:image:type\" content=\"image\/jpeg\" \/>\n<meta name=\"author\" content=\"Ana\u00efs\" \/>\n<meta name=\"twitter:card\" content=\"summary_large_image\" \/>\n<meta name=\"twitter:label1\" content=\"\u00c9crit par\" \/>\n\t<meta name=\"twitter:data1\" content=\"Ana\u00efs\" \/>\n\t<meta name=\"twitter:label2\" content=\"Dur\u00e9e de lecture estim\u00e9e\" \/>\n\t<meta name=\"twitter:data2\" content=\"4 minutes\" \/>\n<script type=\"application\/ld+json\" class=\"yoast-schema-graph\">{\"@context\":\"https:\/\/schema.org\",\"@graph\":[{\"@type\":\"Article\",\"@id\":\"https:\/\/sonergia-preprod.biznetdev.com\/nous-decouvrir\/actualite-reglementaire\/les-meubles-touristiques-energivores-bientot-concernes-par-les-interdictions-de-location\/#article\",\"isPartOf\":{\"@id\":\"https:\/\/sonergia-preprod.biznetdev.com\/nous-decouvrir\/actualite-reglementaire\/les-meubles-touristiques-energivores-bientot-concernes-par-les-interdictions-de-location\/\"},\"author\":{\"name\":\"Ana\u00efs\",\"@id\":\"https:\/\/sonergia-preprod.biznetdev.com\/nous-decouvrir\/#\/schema\/person\/7e59b869490f49576a0f165811425856\"},\"headline\":\"Les meubl\u00e9s touristiques \u00e9nergivores bient\u00f4t concern\u00e9s par les interdictions de location\u202f?\",\"datePublished\":\"2023-09-26T07:48:24+00:00\",\"dateModified\":\"2025-03-04T08:39:59+00:00\",\"mainEntityOfPage\":{\"@id\":\"https:\/\/sonergia-preprod.biznetdev.com\/nous-decouvrir\/actualite-reglementaire\/les-meubles-touristiques-energivores-bientot-concernes-par-les-interdictions-de-location\/\"},\"wordCount\":666,\"publisher\":{\"@id\":\"https:\/\/sonergia-preprod.biznetdev.com\/nous-decouvrir\/#organization\"},\"image\":{\"@id\":\"https:\/\/sonergia-preprod.biznetdev.com\/nous-decouvrir\/actualite-reglementaire\/les-meubles-touristiques-energivores-bientot-concernes-par-les-interdictions-de-location\/#primaryimage\"},\"thumbnailUrl\":\"https:\/\/sonergia-preprod.biznetdev.com\/nous-decouvrir\/wp-content\/uploads\/sites\/3\/2022\/04\/logements-meubles-tourisme.jpg\",\"articleSection\":[\"Actualit\u00e9 r\u00e9glementaire\"],\"inLanguage\":\"fr-FR\"},{\"@type\":\"WebPage\",\"@id\":\"https:\/\/sonergia-preprod.biznetdev.com\/nous-decouvrir\/actualite-reglementaire\/les-meubles-touristiques-energivores-bientot-concernes-par-les-interdictions-de-location\/\",\"url\":\"https:\/\/sonergia-preprod.biznetdev.com\/nous-decouvrir\/actualite-reglementaire\/les-meubles-touristiques-energivores-bientot-concernes-par-les-interdictions-de-location\/\",\"name\":\"Les meubl\u00e9s touristiques \u00e9nergivores bient\u00f4t interdits de location ?\",\"isPartOf\":{\"@id\":\"https:\/\/sonergia-preprod.biznetdev.com\/nous-decouvrir\/#website\"},\"primaryImageOfPage\":{\"@id\":\"https:\/\/sonergia-preprod.biznetdev.com\/nous-decouvrir\/actualite-reglementaire\/les-meubles-touristiques-energivores-bientot-concernes-par-les-interdictions-de-location\/#primaryimage\"},\"image\":{\"@id\":\"https:\/\/sonergia-preprod.biznetdev.com\/nous-decouvrir\/actualite-reglementaire\/les-meubles-touristiques-energivores-bientot-concernes-par-les-interdictions-de-location\/#primaryimage\"},\"thumbnailUrl\":\"https:\/\/sonergia-preprod.biznetdev.com\/nous-decouvrir\/wp-content\/uploads\/sites\/3\/2022\/04\/logements-meubles-tourisme.jpg\",\"datePublished\":\"2023-09-26T07:48:24+00:00\",\"dateModified\":\"2025-03-04T08:39:59+00:00\",\"breadcrumb\":{\"@id\":\"https:\/\/sonergia-preprod.biznetdev.com\/nous-decouvrir\/actualite-reglementaire\/les-meubles-touristiques-energivores-bientot-concernes-par-les-interdictions-de-location\/#breadcrumb\"},\"inLanguage\":\"fr-FR\",\"potentialAction\":[{\"@type\":\"ReadAction\",\"target\":[\"https:\/\/sonergia-preprod.biznetdev.com\/nous-decouvrir\/actualite-reglementaire\/les-meubles-touristiques-energivores-bientot-concernes-par-les-interdictions-de-location\/\"]}]},{\"@type\":\"ImageObject\",\"inLanguage\":\"fr-FR\",\"@id\":\"https:\/\/sonergia-preprod.biznetdev.com\/nous-decouvrir\/actualite-reglementaire\/les-meubles-touristiques-energivores-bientot-concernes-par-les-interdictions-de-location\/#primaryimage\",\"url\":\"https:\/\/sonergia-preprod.biznetdev.com\/nous-decouvrir\/wp-content\/uploads\/sites\/3\/2022\/04\/logements-meubles-tourisme.jpg\",\"contentUrl\":\"https:\/\/sonergia-preprod.biznetdev.com\/nous-decouvrir\/wp-content\/uploads\/sites\/3\/2022\/04\/logements-meubles-tourisme.jpg\",\"width\":626,\"height\":418,\"caption\":\"logements meubl\u00e9s tourisme\"},{\"@type\":\"BreadcrumbList\",\"@id\":\"https:\/\/sonergia-preprod.biznetdev.com\/nous-decouvrir\/actualite-reglementaire\/les-meubles-touristiques-energivores-bientot-concernes-par-les-interdictions-de-location\/#breadcrumb\",\"itemListElement\":[{\"@type\":\"ListItem\",\"position\":1,\"name\":\"Accueil\",\"item\":\"https:\/\/sonergia-preprod.biznetdev.com\/nous-decouvrir\/\"},{\"@type\":\"ListItem\",\"position\":2,\"name\":\"Les meubl\u00e9s touristiques \u00e9nergivores bient\u00f4t concern\u00e9s par les interdictions de location\u202f?\"}]},{\"@type\":\"WebSite\",\"@id\":\"https:\/\/sonergia-preprod.biznetdev.com\/nous-decouvrir\/#website\",\"url\":\"https:\/\/sonergia-preprod.biznetdev.com\/nous-decouvrir\/\",\"name\":\"Sonergia\",\"description\":\"\",\"publisher\":{\"@id\":\"https:\/\/sonergia-preprod.biznetdev.com\/nous-decouvrir\/#organization\"},\"potentialAction\":[{\"@type\":\"SearchAction\",\"target\":{\"@type\":\"EntryPoint\",\"urlTemplate\":\"https:\/\/sonergia-preprod.biznetdev.com\/nous-decouvrir\/?s={search_term_string}\"},\"query-input\":{\"@type\":\"PropertyValueSpecification\",\"valueRequired\":true,\"valueName\":\"search_term_string\"}}],\"inLanguage\":\"fr-FR\"},{\"@type\":\"Organization\",\"@id\":\"https:\/\/sonergia-preprod.biznetdev.com\/nous-decouvrir\/#organization\",\"name\":\"Sonergia\",\"url\":\"https:\/\/sonergia-preprod.biznetdev.com\/nous-decouvrir\/\",\"logo\":{\"@type\":\"ImageObject\",\"inLanguage\":\"fr-FR\",\"@id\":\"https:\/\/sonergia-preprod.biznetdev.com\/nous-decouvrir\/#\/schema\/logo\/image\/\",\"url\":\"https:\/\/sonergia-preprod.biznetdev.com\/nous-decouvrir\/wp-content\/uploads\/sites\/3\/2025\/01\/logo-sonergia.png\",\"contentUrl\":\"https:\/\/sonergia-preprod.biznetdev.com\/nous-decouvrir\/wp-content\/uploads\/sites\/3\/2025\/01\/logo-sonergia.png\",\"width\":242,\"height\":57,\"caption\":\"Sonergia\"},\"image\":{\"@id\":\"https:\/\/sonergia-preprod.biznetdev.com\/nous-decouvrir\/#\/schema\/logo\/image\/\"}},{\"@type\":\"Person\",\"@id\":\"https:\/\/sonergia-preprod.biznetdev.com\/nous-decouvrir\/#\/schema\/person\/7e59b869490f49576a0f165811425856\",\"name\":\"Ana\u00efs\",\"image\":{\"@type\":\"ImageObject\",\"inLanguage\":\"fr-FR\",\"@id\":\"https:\/\/sonergia-preprod.biznetdev.com\/nous-decouvrir\/#\/schema\/person\/image\/\",\"url\":\"https:\/\/secure.gravatar.com\/avatar\/9a32e547a24cfc5521f87d9dcbf5eed6ad44ad448927c4481e20c865f791b1c1?s=96&d=mm&r=g\",\"contentUrl\":\"https:\/\/secure.gravatar.com\/avatar\/9a32e547a24cfc5521f87d9dcbf5eed6ad44ad448927c4481e20c865f791b1c1?s=96&d=mm&r=g\",\"caption\":\"Ana\u00efs\"},\"description\":\"Responsable marketing et communication chez Sonergia, Ana\u00efs met son expertise au service de l\u2019entreprise pour vous aider \u00e0 comprendre et \u00e0 mettre en avant les meilleures pratiques en mati\u00e8re d\u2019efficacit\u00e9 \u00e9nerg\u00e9tique.\",\"url\":\"https:\/\/sonergia-preprod.biznetdev.com\/nous-decouvrir\/author\/anaisray\/\"}]}<\/script>\n<!-- \/ Yoast SEO Premium plugin. -->","yoast_head_json":{"title":"Les meubl\u00e9s touristiques \u00e9nergivores bient\u00f4t interdits de location ?","robots":{"index":"index","follow":"follow","max-snippet":"max-snippet:-1","max-image-preview":"max-image-preview:large","max-video-preview":"max-video-preview:-1"},"canonical":"https:\/\/sonergia-preprod.biznetdev.com\/nous-decouvrir\/actualite-reglementaire\/les-meubles-touristiques-energivores-bientot-concernes-par-les-interdictions-de-location\/","og_locale":"fr_FR","og_type":"article","og_title":"Les meubl\u00e9s touristiques \u00e9nergivores bient\u00f4t concern\u00e9s par les interdictions de location\u202f?","og_description":"Contrairement aux locations dites traditionnelles, les meubl\u00e9s de tourisme en Diagnostic de Performance Energ\u00e9tique (DPE) de classe F & G \u00e9chappent pour le moment aux interdictions de location programm\u00e9es pour les ann\u00e9es \u00e0 venir1. Cependant, dans un plan d\u00e9voil\u00e9 cet \u00e9t\u00e9, le Gouvernement semble revenir sur sa d\u00e9cision afin d\u2019am\u00e9liorer le confort thermique des logements quel que soit leur dur\u00e9e d\u2019occupation.","og_url":"https:\/\/sonergia-preprod.biznetdev.com\/nous-decouvrir\/actualite-reglementaire\/les-meubles-touristiques-energivores-bientot-concernes-par-les-interdictions-de-location\/","og_site_name":"Nous d\u00e9couvrir","article_published_time":"2023-09-26T07:48:24+00:00","article_modified_time":"2025-03-04T08:39:59+00:00","og_image":[{"width":626,"height":418,"url":"https:\/\/sonergia-preprod.biznetdev.com\/nous-decouvrir\/wp-content\/uploads\/sites\/3\/2022\/04\/logements-meubles-tourisme.jpg","type":"image\/jpeg"}],"author":"Ana\u00efs","twitter_card":"summary_large_image","twitter_misc":{"\u00c9crit par":"Ana\u00efs","Dur\u00e9e de lecture estim\u00e9e":"4 minutes"},"schema":{"@context":"https:\/\/schema.org","@graph":[{"@type":"Article","@id":"https:\/\/sonergia-preprod.biznetdev.com\/nous-decouvrir\/actualite-reglementaire\/les-meubles-touristiques-energivores-bientot-concernes-par-les-interdictions-de-location\/#article","isPartOf":{"@id":"https:\/\/sonergia-preprod.biznetdev.com\/nous-decouvrir\/actualite-reglementaire\/les-meubles-touristiques-energivores-bientot-concernes-par-les-interdictions-de-location\/"},"author":{"name":"Ana\u00efs","@id":"https:\/\/sonergia-preprod.biznetdev.com\/nous-decouvrir\/#\/schema\/person\/7e59b869490f49576a0f165811425856"},"headline":"Les meubl\u00e9s touristiques \u00e9nergivores bient\u00f4t concern\u00e9s par les interdictions de location\u202f?","datePublished":"2023-09-26T07:48:24+00:00","dateModified":"2025-03-04T08:39:59+00:00","mainEntityOfPage":{"@id":"https:\/\/sonergia-preprod.biznetdev.com\/nous-decouvrir\/actualite-reglementaire\/les-meubles-touristiques-energivores-bientot-concernes-par-les-interdictions-de-location\/"},"wordCount":666,"publisher":{"@id":"https:\/\/sonergia-preprod.biznetdev.com\/nous-decouvrir\/#organization"},"image":{"@id":"https:\/\/sonergia-preprod.biznetdev.com\/nous-decouvrir\/actualite-reglementaire\/les-meubles-touristiques-energivores-bientot-concernes-par-les-interdictions-de-location\/#primaryimage"},"thumbnailUrl":"https:\/\/sonergia-preprod.biznetdev.com\/nous-decouvrir\/wp-content\/uploads\/sites\/3\/2022\/04\/logements-meubles-tourisme.jpg","articleSection":["Actualit\u00e9 r\u00e9glementaire"],"inLanguage":"fr-FR"},{"@type":"WebPage","@id":"https:\/\/sonergia-preprod.biznetdev.com\/nous-decouvrir\/actualite-reglementaire\/les-meubles-touristiques-energivores-bientot-concernes-par-les-interdictions-de-location\/","url":"https:\/\/sonergia-preprod.biznetdev.com\/nous-decouvrir\/actualite-reglementaire\/les-meubles-touristiques-energivores-bientot-concernes-par-les-interdictions-de-location\/","name":"Les meubl\u00e9s touristiques \u00e9nergivores bient\u00f4t interdits de location ?","isPartOf":{"@id":"https:\/\/sonergia-preprod.biznetdev.com\/nous-decouvrir\/#website"},"primaryImageOfPage":{"@id":"https:\/\/sonergia-preprod.biznetdev.com\/nous-decouvrir\/actualite-reglementaire\/les-meubles-touristiques-energivores-bientot-concernes-par-les-interdictions-de-location\/#primaryimage"},"image":{"@id":"https:\/\/sonergia-preprod.biznetdev.com\/nous-decouvrir\/actualite-reglementaire\/les-meubles-touristiques-energivores-bientot-concernes-par-les-interdictions-de-location\/#primaryimage"},"thumbnailUrl":"https:\/\/sonergia-preprod.biznetdev.com\/nous-decouvrir\/wp-content\/uploads\/sites\/3\/2022\/04\/logements-meubles-tourisme.jpg","datePublished":"2023-09-26T07:48:24+00:00","dateModified":"2025-03-04T08:39:59+00:00","breadcrumb":{"@id":"https:\/\/sonergia-preprod.biznetdev.com\/nous-decouvrir\/actualite-reglementaire\/les-meubles-touristiques-energivores-bientot-concernes-par-les-interdictions-de-location\/#breadcrumb"},"inLanguage":"fr-FR","potentialAction":[{"@type":"ReadAction","target":["https:\/\/sonergia-preprod.biznetdev.com\/nous-decouvrir\/actualite-reglementaire\/les-meubles-touristiques-energivores-bientot-concernes-par-les-interdictions-de-location\/"]}]},{"@type":"ImageObject","inLanguage":"fr-FR","@id":"https:\/\/sonergia-preprod.biznetdev.com\/nous-decouvrir\/actualite-reglementaire\/les-meubles-touristiques-energivores-bientot-concernes-par-les-interdictions-de-location\/#primaryimage","url":"https:\/\/sonergia-preprod.biznetdev.com\/nous-decouvrir\/wp-content\/uploads\/sites\/3\/2022\/04\/logements-meubles-tourisme.jpg","contentUrl":"https:\/\/sonergia-preprod.biznetdev.com\/nous-decouvrir\/wp-content\/uploads\/sites\/3\/2022\/04\/logements-meubles-tourisme.jpg","width":626,"height":418,"caption":"logements meubl\u00e9s tourisme"},{"@type":"BreadcrumbList","@id":"https:\/\/sonergia-preprod.biznetdev.com\/nous-decouvrir\/actualite-reglementaire\/les-meubles-touristiques-energivores-bientot-concernes-par-les-interdictions-de-location\/#breadcrumb","itemListElement":[{"@type":"ListItem","position":1,"name":"Accueil","item":"https:\/\/sonergia-preprod.biznetdev.com\/nous-decouvrir\/"},{"@type":"ListItem","position":2,"name":"Les meubl\u00e9s touristiques \u00e9nergivores bient\u00f4t concern\u00e9s par les interdictions de location\u202f?"}]},{"@type":"WebSite","@id":"https:\/\/sonergia-preprod.biznetdev.com\/nous-decouvrir\/#website","url":"https:\/\/sonergia-preprod.biznetdev.com\/nous-decouvrir\/","name":"Sonergia","description":"","publisher":{"@id":"https:\/\/sonergia-preprod.biznetdev.com\/nous-decouvrir\/#organization"},"potentialAction":[{"@type":"SearchAction","target":{"@type":"EntryPoint","urlTemplate":"https:\/\/sonergia-preprod.biznetdev.com\/nous-decouvrir\/?s={search_term_string}"},"query-input":{"@type":"PropertyValueSpecification","valueRequired":true,"valueName":"search_term_string"}}],"inLanguage":"fr-FR"},{"@type":"Organization","@id":"https:\/\/sonergia-preprod.biznetdev.com\/nous-decouvrir\/#organization","name":"Sonergia","url":"https:\/\/sonergia-preprod.biznetdev.com\/nous-decouvrir\/","logo":{"@type":"ImageObject","inLanguage":"fr-FR","@id":"https:\/\/sonergia-preprod.biznetdev.com\/nous-decouvrir\/#\/schema\/logo\/image\/","url":"https:\/\/sonergia-preprod.biznetdev.com\/nous-decouvrir\/wp-content\/uploads\/sites\/3\/2025\/01\/logo-sonergia.png","contentUrl":"https:\/\/sonergia-preprod.biznetdev.com\/nous-decouvrir\/wp-content\/uploads\/sites\/3\/2025\/01\/logo-sonergia.png","width":242,"height":57,"caption":"Sonergia"},"image":{"@id":"https:\/\/sonergia-preprod.biznetdev.com\/nous-decouvrir\/#\/schema\/logo\/image\/"}},{"@type":"Person","@id":"https:\/\/sonergia-preprod.biznetdev.com\/nous-decouvrir\/#\/schema\/person\/7e59b869490f49576a0f165811425856","name":"Ana\u00efs","image":{"@type":"ImageObject","inLanguage":"fr-FR","@id":"https:\/\/sonergia-preprod.biznetdev.com\/nous-decouvrir\/#\/schema\/person\/image\/","url":"https:\/\/secure.gravatar.com\/avatar\/9a32e547a24cfc5521f87d9dcbf5eed6ad44ad448927c4481e20c865f791b1c1?s=96&d=mm&r=g","contentUrl":"https:\/\/secure.gravatar.com\/avatar\/9a32e547a24cfc5521f87d9dcbf5eed6ad44ad448927c4481e20c865f791b1c1?s=96&d=mm&r=g","caption":"Ana\u00efs"},"description":"Responsable marketing et communication chez Sonergia, Ana\u00efs met son expertise au service de l\u2019entreprise pour vous aider \u00e0 comprendre et \u00e0 mettre en avant les meilleures pratiques en mati\u00e8re d\u2019efficacit\u00e9 \u00e9nerg\u00e9tique.","url":"https:\/\/sonergia-preprod.biznetdev.com\/nous-decouvrir\/author\/anaisray\/"}]}},"_links":{"self":[{"href":"https:\/\/sonergia-preprod.biznetdev.com\/nous-decouvrir\/wp-json\/wp\/v2\/posts\/27554","targetHints":{"allow":["GET"]}}],"collection":[{"href":"https:\/\/sonergia-preprod.biznetdev.com\/nous-decouvrir\/wp-json\/wp\/v2\/posts"}],"about":[{"href":"https:\/\/sonergia-preprod.biznetdev.com\/nous-decouvrir\/wp-json\/wp\/v2\/types\/post"}],"author":[{"embeddable":true,"href":"https:\/\/sonergia-preprod.biznetdev.com\/nous-decouvrir\/wp-json\/wp\/v2\/users\/8"}],"replies":[{"embeddable":true,"href":"https:\/\/sonergia-preprod.biznetdev.com\/nous-decouvrir\/wp-json\/wp\/v2\/comments?post=27554"}],"version-history":[{"count":2,"href":"https:\/\/sonergia-preprod.biznetdev.com\/nous-decouvrir\/wp-json\/wp\/v2\/posts\/27554\/revisions"}],"predecessor-version":[{"id":35680,"href":"https:\/\/sonergia-preprod.biznetdev.com\/nous-decouvrir\/wp-json\/wp\/v2\/posts\/27554\/revisions\/35680"}],"wp:featuredmedia":[{"embeddable":true,"href":"https:\/\/sonergia-preprod.biznetdev.com\/nous-decouvrir\/wp-json\/wp\/v2\/media\/34166"}],"wp:attachment":[{"href":"https:\/\/sonergia-preprod.biznetdev.com\/nous-decouvrir\/wp-json\/wp\/v2\/media?parent=27554"}],"wp:term":[{"taxonomy":"category","embeddable":true,"href":"https:\/\/sonergia-preprod.biznetdev.com\/nous-decouvrir\/wp-json\/wp\/v2\/categories?post=27554"},{"taxonomy":"post_tag","embeddable":true,"href":"https:\/\/sonergia-preprod.biznetdev.com\/nous-decouvrir\/wp-json\/wp\/v2\/tags?post=27554"}],"curies":[{"name":"wp","href":"https:\/\/api.w.org\/{rel}","templated":true}]}}